{"id":2788,"date":"2015-08-12T16:59:16","date_gmt":"2015-08-12T14:59:16","guid":{"rendered":"http:\/\/www.bps-pforzheim.de\/?p=2788"},"modified":"2020-07-18T10:53:39","modified_gmt":"2020-07-18T08:53:39","slug":"bula-bericht","status":"publish","type":"post","link":"http:\/\/www.bps-pforzheim.de\/index.php\/2015\/08\/12\/bula-bericht\/","title":{"rendered":"Bula Bericht"},"content":{"rendered":"<h3><span style=\"color: #3366ff;\"><em>Soli Deo Gloria! \u2013 Sola Gratia!<\/em><\/span><\/h3>\n<h3><span style=\"color: #3366ff;\"><em>Soli Deo Gloria! \u2013 Sola Fide! <\/em><\/span><\/h3>\n<h3><span style=\"color: #3366ff;\"><em>Soli Deo Gloria! \u2013 Sola Scriptura! <\/em><\/span><\/h3>\n<h3><span style=\"color: #3366ff;\"><em>Soli Deo Gloria! \u2013 Solus Christus!<\/em><\/span><\/h3>\n<p><a href=\"http:\/\/www.bps-pforzheim.de\/wp-content\/uploads\/2015\/09\/bula-fahne.jpg\" rel=\"shadowbox[sbpost-2788];player=img;\"><img decoding=\"async\" loading=\"lazy\" class=\"alignleft size-medium wp-image-2899\" src=\"http:\/\/www.bps-pforzheim.de\/wp-content\/uploads\/2015\/09\/bula-fahne-199x300.jpg\" alt=\"\" width=\"199\" height=\"300\" srcset=\"http:\/\/www.bps-pforzheim.de\/wp-content\/uploads\/2015\/09\/bula-fahne-199x300.jpg 199w, http:\/\/www.bps-pforzheim.de\/wp-content\/uploads\/2015\/09\/bula-fahne.jpg 637w\" sizes=\"(max-width: 199px) 100vw, 199px\" \/><\/a>Aus 740 Kehlen schallt das\u00a0Lagerlied des 9. Bundeslagers der BPS durch die gro\u00dfe Zeltarena des Pfadfinderzeltplatzes in Friedensau. Begleitet von der 18-k\u00f6pfigen Lagerband mit ihren Instrumenten schmettern die Pfadfinder das Lied im Wechselgesang \u2013 f\u00fcr alle, die dabei sind, ein unvergessliches Erlebnis.<\/p>\n<p>&nbsp;<\/p>\n<p>Wir haben zusammen 9 spannende Tage erlebt und Zeit mit Gott erlebt. Dabei erlebten wir Gemeinschaft und Zusammenhalt. Es war eine super gute Zeit mit viele Gespr\u00e4che mit verschiedenen Pfadis aus ganz Deutschland. Das Lagerlied stimmt die BULA-Teilnehmer gleich auf dreifache Weise auf das BULA 2015 ein:<\/p>\n<p>Es l\u00e4sst sie in die Zeit Martin Luthers eintauchen, die den zeitlichen Rahmen f\u00fcr das Bundeslager darstellt. Es bringt ihnen das geistliche Thema rund um das Lagermotto \u201e4 soli\u201c n\u00e4her und erkl\u00e4rt Luthers vier Soli: Allein die Gnade, allein der Glaube, allein die Schrift, allein Christus. Und nicht zuletzt wird im gemeinsamen Singen des Lagerliedes die Gemeinschaft innerhalb des Bundes sp\u00fcrbar.<a href=\"http:\/\/www.bps-pforzheim.de\/wp-content\/uploads\/2015\/08\/11049609_967222096690424_2925819827124674619_n.jpg\" rel=\"shadowbox[sbpost-2788];player=img;\"><img decoding=\"async\" loading=\"lazy\" class=\" wp-image-2866 alignright\" src=\"http:\/\/www.bps-pforzheim.de\/wp-content\/uploads\/2015\/08\/11049609_967222096690424_2925819827124674619_n-300x200.jpg\" alt=\"\" width=\"380\" height=\"253\" srcset=\"http:\/\/www.bps-pforzheim.de\/wp-content\/uploads\/2015\/08\/11049609_967222096690424_2925819827124674619_n-300x200.jpg 300w, http:\/\/www.bps-pforzheim.de\/wp-content\/uploads\/2015\/08\/11049609_967222096690424_2925819827124674619_n.jpg 960w\" sizes=\"(max-width: 380px) 100vw, 380px\" \/><\/a><\/p>\n<p>&nbsp;<\/p>\n<p>Es versammeln sich 45 St\u00e4mme und Siedlungen der Baptistischen Pfadfinderschaft im kleinen \u00d6rtchen Friedensau bei Magdeburg und lassen schon bald eine Zeltstadt entstehen, in der es einiges zu entdecken und zu erleben gibt. W\u00e4hrend die einen gem\u00fctlich \u00fcber den Lagerplatz schlendern, um alte Freunde aus allen Ecken Deutschlands zu treffen oder neue Freundschaften zu kn\u00fcpfen, sind andere mit dem Bau von teils sehr aufwendigen T\u00fcrmen, Toren oder Kochtischen aus Kiefernstangen und Seil besch\u00e4ftigt. Wieder andere entgehen der in den Lagertagen fast durchg\u00e4ngig herrschenden Hitze und veranstalten im Schatten der Jurte ausgiebige Singerunden.<\/p>\n<p><a href=\"http:\/\/www.bps-pforzheim.de\/wp-content\/uploads\/2015\/08\/DSC09259.jpg\" rel=\"shadowbox[sbpost-2788];player=img;\"><img decoding=\"async\" loading=\"lazy\" class=\"alignleft size-medium wp-image-2803\" src=\"http:\/\/www.bps-pforzheim.de\/wp-content\/uploads\/2015\/08\/DSC09259-300x225.jpg\" alt=\"\" width=\"300\" height=\"225\" srcset=\"http:\/\/www.bps-pforzheim.de\/wp-content\/uploads\/2015\/08\/DSC09259-300x225.jpg 300w, http:\/\/www.bps-pforzheim.de\/wp-content\/uploads\/2015\/08\/DSC09259-1024x768.jpg 1024w\" sizes=\"(max-width: 300px) 100vw, 300px\" \/><\/a>An zwei Lagertagen verwandelt sich das Lager in einen gro\u00dfen mittelalterlichen Markt, auf dem \u2013 der Verkleidung nach \u2013 M\u00e4gde, Bauernjungen, Edelleute und M\u00f6nche von einem Marktstand zum n\u00e4chsten ziehen. Geboten werden allerlei K\u00f6stlichkeiten von schw\u00e4bischen Maultaschen \u00fcber Kartoffelpuffern bis hin zu Waffeln oder Stockbrot. Wir haben Zinn giesen, kleine Spiele und rustikales Stockbrot angeboten. Und auch, wer selbst aktiv werden m\u00f6chte, kommt voll auf seine Kosten: In Workshops kann man sich unter anderen im Schmieden, im Kartoffeldruck oder im Bogenschie\u00dfen \u00fcben. Ein besonders beliebter Anlaufpunkt ist auch der aus Strohballen, Spanngurten und einer wasserdichten Plane selbstgebaute Pool des Lagers. Hier l\u00e4sst es sich auch in der gr\u00f6\u00dften Mittagshitze gut aushalten.<\/p>\n<p><a href=\"http:\/\/www.bps-pforzheim.de\/wp-content\/uploads\/2017\/11\/CMxNfoXuAxDFB552w-lZi6gXKlPpA58ReZY5lEJIvgg.jpg\" rel=\"shadowbox[sbpost-2788];player=img;\">\u00a0<\/a><\/p>\n<p style=\"text-align: left;\" align=\"right\">Ebenfalls auf keinem Bundeslager der BPS fehlen darf das zweit\u00e4gige Hajk, das die Lagerteilnehmer in ihren Sippen in die n\u00e4here und weitere Umgebung ausschw\u00e4rmen l\u00e4sst. In den D\u00f6rfern rund um den <a href=\"http:\/\/www.bps-pforzheim.de\/wp-content\/uploads\/2015\/08\/DSC09266.jpg\" rel=\"shadowbox[sbpost-2788];player=img;\"><img decoding=\"async\" loading=\"lazy\" class=\"size-medium wp-image-2804 alignright\" src=\"http:\/\/www.bps-pforzheim.de\/wp-content\/uploads\/2015\/08\/DSC09266-300x225.jpg\" alt=\"\" width=\"300\" height=\"225\" srcset=\"http:\/\/www.bps-pforzheim.de\/wp-content\/uploads\/2015\/08\/DSC09266-300x225.jpg 300w, http:\/\/www.bps-pforzheim.de\/wp-content\/uploads\/2015\/08\/DSC09266-1024x768.jpg 1024w\" sizes=\"(max-width: 300px) 100vw, 300px\" \/><\/a>Lagerplatz gilt es, verschiedene Fragen zu beantworten. Bei den hei\u00dfen Temperaturen treibt es so manche Gruppe lediglich bis zum n\u00e4chsten See oder Freibad, doch einige legen sich m\u00e4chtig ins Zeug und legen Strecken von bis zu 50 Kilometern zur\u00fcck. Nach der R\u00fcckkehr zum Lagerplatz gibt es einiges zu berichten, erfahren bei ihrer Wanderung doch viele die Gastfreundschaft und Hilfsbereitschaft der Menschen im Jerichower Land.<\/p>\n<p>Gegen Ende des Bundeslagers steht schlie\u00dflich das so genannte Gro\u00dfe Spiel auf dem Programm, bei dem die Lagerteilnehmer \u2013 wiederum in ihren mittelalterlichen Verkleidungen \u2013 in Show-Acts und Spielphasen die Geschichte Martin Luthers, den Anschlag der 95 Thesen und seinen Disput mit Kaiser und Papst am eigenen Leib erleben. Dabei sind auch <a href=\"http:\/\/www.bps-pforzheim.de\/wp-content\/uploads\/2015\/08\/DSC09272.jpg\" rel=\"shadowbox[sbpost-2788];player=img;\"><img decoding=\"async\" loading=\"lazy\" class=\"alignleft size-medium wp-image-2805\" src=\"http:\/\/www.bps-pforzheim.de\/wp-content\/uploads\/2015\/08\/DSC09272-300x225.jpg\" alt=\"\" width=\"300\" height=\"225\" srcset=\"http:\/\/www.bps-pforzheim.de\/wp-content\/uploads\/2015\/08\/DSC09272-300x225.jpg 300w, http:\/\/www.bps-pforzheim.de\/wp-content\/uploads\/2015\/08\/DSC09272-1024x768.jpg 1024w\" sizes=\"(max-width: 300px) 100vw, 300px\" \/><\/a>pfadfinderische Kenntnisse und strategisches Geschick gefragt, um die eigene Kochgruppe in der Wertung ganz nach vorne zu bringen. Doch Luther und seine Zeit sind nicht nur w\u00e4hrend des Spiels und des Markttags Thema, sondern auch in den Andachten und in den beiden Lagergottesdiensten. Besonders im Fokus stehen dabei die vier Soli und deren Bedeutung und f\u00fcr unseren pers\u00f6nlichen Glauben und unsere Beziehung zu Gott. In den Kleingruppen gibt es ausreichend Zeit f\u00fcr Gespr\u00e4che im vertrauten Kreis der Sippe und auch f\u00fcr weiterf\u00fchrende Fragen gibt es einen Platz: Das \u201eQuastorium\u201c l\u00e4dt dazu ein, Fragen loszuwerden, \u00fcber Sorgen und Probleme zu sprechen oder f\u00fcr sich beten zu lassen. Beim Abschlussgottesdienst am Tag vor der Abreise wird der Lagerpool kurzerhand in ein Taufbecken umgewandelt, denn\u00a0bim bam aus unserem Stamm und noch eine Pfadfinderin \u00a0hatten schon vor dem Lager den Entschluss gefasst, sich auf dem Bundeslager taufen zu lassen.<\/p>\n<p><a href=\"http:\/\/www.bps-pforzheim.de\/wp-content\/uploads\/2015\/08\/SCKWjB1YqPs5Myl7Lqren5-s7D_a866PvMBCwghO2mE1.jpg\" rel=\"shadowbox[sbpost-2788];player=img;\"><img decoding=\"async\" loading=\"lazy\" class=\"size-medium wp-image-2832 alignright\" src=\"http:\/\/www.bps-pforzheim.de\/wp-content\/uploads\/2015\/08\/SCKWjB1YqPs5Myl7Lqren5-s7D_a866PvMBCwghO2mE1-300x225.jpg\" alt=\"\" width=\"300\" height=\"225\" srcset=\"http:\/\/www.bps-pforzheim.de\/wp-content\/uploads\/2015\/08\/SCKWjB1YqPs5Myl7Lqren5-s7D_a866PvMBCwghO2mE1-300x225.jpg 300w, http:\/\/www.bps-pforzheim.de\/wp-content\/uploads\/2015\/08\/SCKWjB1YqPs5Myl7Lqren5-s7D_a866PvMBCwghO2mE1.jpg 800w\" sizes=\"(max-width: 300px) 100vw, 300px\" \/><\/a>Hier ein Interview mit bim bam nach seiner Taufe:<\/p>\n<p align=\"LEFT\"><strong>\u00a0 bimbam warum hast du dich taufen lassen?<\/strong><\/p>\n<p align=\"LEFT\">\u00a0 -weil ich zu Jesus geh\u00f6ren m\u00f6chten und mein Leben nach Jesus ausrichte will.<\/p>\n<p align=\"LEFT\"><strong>bimbam was war f\u00fcr dich der Grund dass du dich hier auf den Bundelager 2015 taufen lassen<\/strong><\/p>\n<p align=\"LEFT\"><strong>wolltest?<\/strong><\/p>\n<p align=\"LEFT\">-weil in meiner Gemeinde die Taufe f\u00fcr diesen Sommer schon war und ich es f\u00fcr cool hielt<\/p>\n<p align=\"LEFT\">mich auf dem BULA mit taufen zu lassen.<\/p>\n<p align=\"LEFT\"><strong>bimbam wieso mussten dich den zwei Leute taufen? Bis du ein so schwerer Jungen oder?<\/strong><\/p>\n<p align=\"LEFT\">-miraculix war schon mein TBS Pate und bei ihm war ich schon immer in guten H\u00e4nden.<\/p>\n<p align=\"LEFT\"><strong>bimbam was m\u00f6chtest du das sich f\u00fcr dich nach der Taufe \u00e4ndern?<\/strong><\/p>\n<p align=\"LEFT\">-das ist schwierig, aber ich w\u00fcnsche mir einen bewussterer Umgang mit Gott damit ich<\/p>\n<p align=\"LEFT\">besser auf das h\u00f6ren was ER von mir will.<\/p>\n<p align=\"LEFT\"><strong>bimbam welchen Taufspruch hat JoF dir an der Taufe zugesprochen?<\/strong><\/p>\n<p align=\"LEFT\">-wenn das Weizenkorn nicht in die Erde f\u00e4llt und stirbt, bleibt es allein; wenn es aber stirbt,<\/p>\n<p align=\"LEFT\">bringt es viel Frucht. Joh12,24<\/p>\n<p align=\"LEFT\"><strong>\u00a0\u00a0\u00a0 bimbam was sagt dir dein Taufspruch?<\/strong><\/p>\n<p align=\"LEFT\">\u00a0 -das Jesus keine Privatsache ist sondern ER ist f\u00fcr alle da und ich meine Freunden von Jesus<\/p>\n<p align=\"LEFT\">\u00a0 erz\u00e4hlen kann damit sie auch Freunde von Jesus werden so wie ich.<\/p>\n<p>&nbsp;<\/p>\n<p>Wie immer neigt sich das Bundeslager viel zu schnell dem Ende entgegen. Kaum hat das Lager mit <img decoding=\"async\" loading=\"lazy\" class=\"size-medium wp-image-2801 alignright\" src=\"http:\/\/www.bps-pforzheim.de\/wp-content\/uploads\/2015\/08\/DSC09247-300x225.jpg\" alt=\"\" width=\"300\" height=\"225\" srcset=\"http:\/\/www.bps-pforzheim.de\/wp-content\/uploads\/2015\/08\/DSC09247-300x225.jpg 300w, http:\/\/www.bps-pforzheim.de\/wp-content\/uploads\/2015\/08\/DSC09247-1024x768.jpg 1024w\" sizes=\"(max-width: 300px) 100vw, 300px\" \/>dem feierlichen Erf\u00f6ffnungsabend begonnen, steht schon wieder der Bunte Abend zum Abschluss des Lagers an: Sketche, Lieder und andere Beitr\u00e4ge aus den verschiedenen Kochgruppen sorgen f\u00fcr Unterhaltung, w\u00e4hrend zwischen den einzelnen Programmpunkten die Sieger des Lagerchronik-Wettbewerbs, des Hajks, des Bauwettbewerbs und des Gro\u00dfen Spiels gek\u00fcrt werden. Und nat\u00fcrlich darf auch das Lagerlied nicht fehlen und schallt an diesem Abend besonders laut durch die Arena.<\/p>\n<p>Jeden Morgen und Abend hatte unser Stamm die Aufgabe die Morgen- und Abendwache durchzuf\u00fchren und dadurch die Lagerteilnehmer\u00a0 in das Tagesthema einzuf\u00fchren. Im Rahmen der Abendwache wurde die Nachtwache gesegnet und in die\u00a0Abl\u00e4ufe eingeweiht. Die Organisation der Nachtwache war auch unsere Aufgabe.<\/p>\n<p><a href=\"http:\/\/www.bps-pforzheim.de\/wp-content\/uploads\/2015\/08\/DSC09233.jpg\" rel=\"shadowbox[sbpost-2788];player=img;\"><img decoding=\"async\" loading=\"lazy\" class=\"alignleft size-medium wp-image-2798\" src=\"http:\/\/www.bps-pforzheim.de\/wp-content\/uploads\/2015\/08\/DSC09233-300x225.jpg\" alt=\"\" width=\"300\" height=\"225\" srcset=\"http:\/\/www.bps-pforzheim.de\/wp-content\/uploads\/2015\/08\/DSC09233-300x225.jpg 300w, http:\/\/www.bps-pforzheim.de\/wp-content\/uploads\/2015\/08\/DSC09233-1024x768.jpg 1024w\" sizes=\"(max-width: 300px) 100vw, 300px\" \/><\/a>Ins Bett treibt es in\u00a0der letzten\u00a0Nacht so schnell keinen: An den Feuern in den verschiedenen Kochgruppen und in der Roverjurte wird noch lange gesungen und erz\u00e4hlt und wehm\u00fctig blickt man dem n\u00e4chsten Morgen entgegen. In k\u00fcrzester Zeit verwandelt sich das Zeltdorf wieder in eine Wiese und im gro\u00dfen Abschlusskreis hei\u00dft es nach dem traditionellen \u201eNehmt Abschied, Br\u00fcder\u201c Abschied nehmen vom Bundeslager 2015: Von einer hochsommerlichen Woche, jede Menge Erlebnissen, kleinen und gro\u00dfen Abenteuern, von 739 anderen Pfadfindern aus verschiedensten Ecken Deutschlands und einer kleinen Gruppe d\u00e4nischer Pfadfinder. Was bleibt, sind nicht nur hunderte Fotos, ein bisschen Schlafmangel und beim ein oder anderen auch dreckige F\u00fc\u00dfe, Bremsenstiche oder ein <a href=\"http:\/\/www.bps-pforzheim.de\/wp-content\/uploads\/2015\/08\/DSC09297.jpg\" rel=\"shadowbox[sbpost-2788];player=img;\"><img decoding=\"async\" loading=\"lazy\" class=\"size-medium wp-image-2807 alignright\" src=\"http:\/\/www.bps-pforzheim.de\/wp-content\/uploads\/2015\/08\/DSC09297-300x225.jpg\" alt=\"\" width=\"300\" height=\"225\" srcset=\"http:\/\/www.bps-pforzheim.de\/wp-content\/uploads\/2015\/08\/DSC09297-300x225.jpg 300w, http:\/\/www.bps-pforzheim.de\/wp-content\/uploads\/2015\/08\/DSC09297-1024x768.jpg 1024w\" sizes=\"(max-width: 300px) 100vw, 300px\" \/><\/a>Sonnenbrand; was bleibt sind vor allem jede Menge sch\u00f6ner Erinnerungen und Dankbarkeit daf\u00fcr, dass wir das BULA 2015 gemeinsam erleben durften.<\/p>\n<p>&nbsp;<\/p>\n<p>Quelle: <a href=\"http:\/\/joomla.bps-pfadfinder.de\/index.php\/aktionen\/bundesweit\/152-9-bundeslager-der-bps\">http:\/\/www.bps-pfadfinder.de\/aktionen\/berichte\/artikel\/soli-deo-gloria\/http:\/\/joomla.bps-pfadfinder.de\/index.php\/aktionen\/bundesweit\/152-9-bundeslager-der-bps<\/a>, leicht ge\u00e4ndert<\/p>\n<p>&nbsp;<\/p>\n","protected":false},"excerpt":{"rendered":"<p>Soli Deo Gloria! \u2013 Sola Gratia! Soli Deo Gloria! \u2013 Sola Fide! Soli Deo Gloria! \u2013 Sola Scriptura! Soli Deo Gloria! \u2013 Solus Christus! Aus 740 Kehlen schallt das\u00a0Lagerlied des &#8230;<\/p>\n","protected":false},"author":6,"featured_media":2866,"comment_status":"closed","ping_status":"closed","sticky":false,"template":"","format":"standard","meta":[],"categories":[1,24,26,38,4,37,39],"tags":[],"_links":{"self":[{"href":"http:\/\/www.bps-pforzheim.de\/index.php\/wp-json\/wp\/v2\/posts\/2788"}],"collection":[{"href":"http:\/\/www.bps-pforzheim.de\/index.php\/wp-json\/wp\/v2\/posts"}],"about":[{"href":"http:\/\/www.bps-pforzheim.de\/index.php\/wp-json\/wp\/v2\/types\/post"}],"author":[{"embeddable":true,"href":"http:\/\/www.bps-pforzheim.de\/index.php\/wp-json\/wp\/v2\/users\/6"}],"replies":[{"embeddable":true,"href":"http:\/\/www.bps-pforzheim.de\/index.php\/wp-json\/wp\/v2\/comments?post=2788"}],"version-history":[{"count":23,"href":"http:\/\/www.bps-pforzheim.de\/index.php\/wp-json\/wp\/v2\/posts\/2788\/revisions"}],"predecessor-version":[{"id":4937,"href":"http:\/\/www.bps-pforzheim.de\/index.php\/wp-json\/wp\/v2\/posts\/2788\/revisions\/4937"}],"wp:featuredmedia":[{"embeddable":true,"href":"http:\/\/www.bps-pforzheim.de\/index.php\/wp-json\/wp\/v2\/media\/2866"}],"wp:attachment":[{"href":"http:\/\/www.bps-pforzheim.de\/index.php\/wp-json\/wp\/v2\/media?parent=2788"}],"wp:term":[{"taxonomy":"category","embeddable":true,"href":"http:\/\/www.bps-pforzheim.de\/index.php\/wp-json\/wp\/v2\/categories?post=2788"},{"taxonomy":"post_tag","embeddable":true,"href":"http:\/\/www.bps-pforzheim.de\/index.php\/wp-json\/wp\/v2\/tags?post=2788"}],"curies":[{"name":"wp","href":"https:\/\/api.w.org\/{rel}","templated":true}]}}