{"id":2979,"date":"2015-11-07T11:16:51","date_gmt":"2015-11-07T10:16:51","guid":{"rendered":"http:\/\/www.bps-pforzheim.de\/?p=2979"},"modified":"2020-07-18T10:53:14","modified_gmt":"2020-07-18T08:53:14","slug":"mitarbeiterwochende-2015","status":"publish","type":"post","link":"http:\/\/www.bps-pforzheim.de\/index.php\/2015\/11\/07\/mitarbeiterwochende-2015\/","title":{"rendered":"Mitarbeiterwochende 2015"},"content":{"rendered":"<p>Alle Jahre wieder, kommt ein Event in den Stammeskalender wo sich alle Mitarbeiter das ganze Jahr drauf freuen. Das Mitarbeiterwochende am F\u00fclmenbnacher Hof.<\/p>\n<p>&nbsp;<\/p>\n<p>Nach dem der gr\u00f6\u00dfte Teil der Mitarbeiter angekommen war und das Wochenende mit einem gemeinsam Abendessen begonnen wurde, kam der erste Teil der Themen, die f\u00fcr das Wochenende auf die Top Liste gesetzt wurden. Als dann auch noch die letzten Jungmitarbeiter eingetroffen waren, ging es\u00a0nach kurzer Begr\u00fc\u00dfung weiter mit der Sitzung.<\/p>\n<p>Warum die Jungmitarbeiter, darunter unser Roversprecher, meinte\u00a0 man m\u00fcsste um 20:30 Uhr einen neuen Weg auf den F\u00fclmenbnacher Hof zu finden. Nach einem vergeblichen Versuch den weg zu finden, das Navi\u00a0 meinte mitten im Wald das sie an ihrem Ziel angekommen sind. aber das stimmte leider nicht. Nach kurzer \u00dcberlegung fanden sie den Weg und waren froh das sie sicher und gesund angekommen waren.<\/p>\n<p>Im Anschluss nach der Sitzung ging es in den gem\u00fctlichen Teil \u00fcber. Es\u00a0gab sehr\u00a0Interessante Gespr\u00e4che. Ein Teil der Mitarbeiter ging ins Bett, f\u00fcr den Rest ging es in den Keller. Dort wurde die Zeit genutzt, f\u00fcr weitere Gespr\u00e4che und f\u00fcr eine Singerunde.<\/p>\n<p>Nach einer kurzen Nacht, f\u00fcr ein\u00a0 Teil der Mitarbeiter,\u00a0ging es am Samstag morgen mit einem Fr\u00fchst\u00fcck los. Nach dem Fr\u00fchst\u00fcck wurde die \u00a0Zeit genutzt, f\u00fcr einen geistlichen Input. Als ausgiebig mit dem Thema besch\u00e4ftigt wurde und auch ein Ergebnis zusammengefasst wurde und auch festgehalten wurde.<\/p>\n<p>Als dann die letzten Punkte auf der Top Liste abgearbeitet waren, wurde mit dem Aufbau des Stammesf\u00fchrungswechsel begonnen. Es wurde ein Fahnenmast und die Rote Jurte errichtet. Nach kurzer Zeit waren die Vorbereitungen abgeschlossen und es konnten die ersten G\u00e4ste begr\u00fc\u00dft werden. 7<\/p>\n<p>Als dann alle eingeladenen G\u00e4ste eingetroffen waren, begonnen die Feierlichkeiten mit einem gemeinsamen Abendessen. Nachdem dem verspeisen des leckeren Abendessen begann der offizielle Teil.<\/p>\n<p>Als der offizielle Teil vorbei war ging der gem\u00fctliche Jurtenabend los. Es wurde ein sch\u00f6ner langer Abend mit viel Musik und einem gro\u00dfen Lagerfeuer. Wir hatten viel Spa\u00df und konnten viele sch\u00f6ne Lieder singen, die wir lange nicht mehr gesungen haben.<\/p>\n<p>&nbsp;<\/p>\n<p>&nbsp;<\/p>\n<p>Hier findest du einen ausf\u00fchrlichen Bericht \u00fcber den Stammesf\u00fchrungswechsel: <a href=\"http:\/\/www.bps-pforzheim.de\/index.php\/2015\/11\/07\/stammesfuhrungswechsel\/\">http:\/\/www.bps-pforzheim.de\/index.php\/2015\/11\/07\/stammesfuhrungswechsel\/<\/a><\/p>\n<p>&nbsp;<\/p>\n<p>&nbsp;<\/p>\n<p>Sonntag morgen. Eine Stunde l\u00e4nger schlafen d\u00fcrfen, Umstellung auf Winterzeit hat immer Vorteil. Nach einem gemeinsamen Fr\u00fchst\u00fcck, wurde in der Jurte ein Lagerfeuer angez\u00fcndet. Das Feuer war n\u00f6tig weil die Jurte \u00fcber Nacht feucht geworden war. Als dann in der Jurte die letzten Punkte der Top Liste abgearbeitet waren, ging der Gottesdienst los.<\/p>\n<p>Nachdem ein wundersch\u00f6ner Gottesdienst gefeiert war und Vergissmeinnicht eine \u00dcberraschung ausgeteilt hatte und den Sinn erkl\u00e4rt hat. Es waren Qr-Codes. Im Anschluss \u00fcbernahm ein Teil der Mitarbeiter das putzen des Hauses der andere Teil baute den Fahnenmast und die rote Jurte ab.<\/p>\n<p>Als dann die Arbeiten abgeschlosen waren und die Autos gepackt waren ging es an das abligatroisches Abschlussbild. Nachdem die Redaktion mit den Bildern einverstanden war, ging es an den Abschluss. Im Rahmen des Abschlusses wurde &#8222;Nimmt Abschied Br\u00fcder&#8220; gesungen und nach der Knudelrunde ging es an die Heimfahrt.<\/p>\n<p>&nbsp;<\/p>\n<p>An dieser Stelle m\u00f6chte sich die Stammesf\u00fchrung an allen Mitarbeiter bedanken die am erfolgreichen Ablauf des Mitarbeiterwochende beteiligt waren bedanken.<\/p>\n<p>Ganz besonderen Dank geht an unsere K\u00fcche, Klaus und Detlef, die uns mal wieder vorz\u00fcglich verkostet haben. Aber auch an Uli und Detlef f\u00fcr die geistlichen Inpute und auch Vergissmeinnicht und Lexi f\u00fcr das schreiben des Protokolls.<a href=\"http:\/\/www.bps-pforzheim.de\/wp-content\/uploads\/2015\/11\/Mitarbeiterwochenende-2015-11.jpg\" rel=\"shadowbox[sbpost-2979];player=img;\" title=\"Mitarbeiterwochenende 2015\"><img decoding=\"async\" loading=\"lazy\" class=\"alignleft size-medium wp-image-3044\" title=\"Mitarbeiterwochenende 2015\" src=\"http:\/\/www.bps-pforzheim.de\/wp-content\/uploads\/2015\/11\/Mitarbeiterwochenende-2015-11-300x198.jpg\" alt=\"\" width=\"300\" height=\"198\" srcset=\"http:\/\/www.bps-pforzheim.de\/wp-content\/uploads\/2015\/11\/Mitarbeiterwochenende-2015-11-300x198.jpg 300w, http:\/\/www.bps-pforzheim.de\/wp-content\/uploads\/2015\/11\/Mitarbeiterwochenende-2015-11-1024x678.jpg 1024w\" sizes=\"(max-width: 300px) 100vw, 300px\" \/><\/a><\/p>\n<p>&nbsp;<\/p>\n<p>&nbsp;<\/p>\n","protected":false},"excerpt":{"rendered":"<p>Alle Jahre wieder, kommt ein Event in den Stammeskalender wo sich alle Mitarbeiter das ganze Jahr drauf freuen. Das Mitarbeiterwochende am F\u00fclmenbnacher Hof. &nbsp; Nach dem der gr\u00f6\u00dfte Teil der &#8230;<\/p>\n","protected":false},"author":6,"featured_media":3039,"comment_status":"closed","ping_status":"closed","sticky":false,"template":"","format":"standard","meta":[],"categories":[1,24,26],"tags":[],"_links":{"self":[{"href":"http:\/\/www.bps-pforzheim.de\/index.php\/wp-json\/wp\/v2\/posts\/2979"}],"collection":[{"href":"http:\/\/www.bps-pforzheim.de\/index.php\/wp-json\/wp\/v2\/posts"}],"about":[{"href":"http:\/\/www.bps-pforzheim.de\/index.php\/wp-json\/wp\/v2\/types\/post"}],"author":[{"embeddable":true,"href":"http:\/\/www.bps-pforzheim.de\/index.php\/wp-json\/wp\/v2\/users\/6"}],"replies":[{"embeddable":true,"href":"http:\/\/www.bps-pforzheim.de\/index.php\/wp-json\/wp\/v2\/comments?post=2979"}],"version-history":[{"count":16,"href":"http:\/\/www.bps-pforzheim.de\/index.php\/wp-json\/wp\/v2\/posts\/2979\/revisions"}],"predecessor-version":[{"id":3786,"href":"http:\/\/www.bps-pforzheim.de\/index.php\/wp-json\/wp\/v2\/posts\/2979\/revisions\/3786"}],"wp:featuredmedia":[{"embeddable":true,"href":"http:\/\/www.bps-pforzheim.de\/index.php\/wp-json\/wp\/v2\/media\/3039"}],"wp:attachment":[{"href":"http:\/\/www.bps-pforzheim.de\/index.php\/wp-json\/wp\/v2\/media?parent=2979"}],"wp:term":[{"taxonomy":"category","embeddable":true,"href":"http:\/\/www.bps-pforzheim.de\/index.php\/wp-json\/wp\/v2\/categories?post=2979"},{"taxonomy":"post_tag","embeddable":true,"href":"http:\/\/www.bps-pforzheim.de\/index.php\/wp-json\/wp\/v2\/tags?post=2979"}],"curies":[{"name":"wp","href":"https:\/\/api.w.org\/{rel}","templated":true}]}}