{"id":3031,"date":"2015-11-10T20:13:34","date_gmt":"2015-11-10T19:13:34","guid":{"rendered":"http:\/\/www.bps-pforzheim.de\/?p=3031"},"modified":"2020-07-18T10:53:00","modified_gmt":"2020-07-18T08:53:00","slug":"regionsthing-in-welzheim","status":"publish","type":"post","link":"http:\/\/www.bps-pforzheim.de\/index.php\/2015\/11\/10\/regionsthing-in-welzheim\/","title":{"rendered":"Regionsthing in Welzheim"},"content":{"rendered":"<p><a href=\"http:\/\/www.bps-pforzheim.de\/gruppe1\/\"><img decoding=\"async\" loading=\"lazy\" class=\"alignleft size-medium wp-image-4391\" src=\"http:\/\/www.bps-pforzheim.de\/wp-content\/uploads\/2017\/01\/gruppe1-300x225.jpg\" alt=\"\" width=\"300\" height=\"225\" \/><\/a>Das Regionsthing der Region S\u00fcd-West fand dieses Jahr mitten im wundersch\u00f6nen Schw\u00e4bischen Wald \u2013 in Welzheim statt. Unser Stamm wurde\u00a0durch Vergissmeinnicht\u00a0und Miraculix vertreten.<\/p>\n<p>Um 12 Uhr begannen wir mit einem gemeinsamen Mittagessen, um erst einmal gen\u00fcsslich miteinander zu tratschen, Neuigkeiten auszutauschen und den anderen beim Spaghetti-Schl\u00fcrfen zuzuschauen.<\/p>\n<p>Nachdem auch die letzten St\u00e4mme und Teilnehmer eingetrudelt waren (nat\u00fcrlich angelockt vom leckeren Essensgeruch), und alle ausreichend in die verschiedenen Geheimnisse der Kaffeemaschine eingewiesen wurden, begannen wir mit einer Andacht. Nun folgten die Tagesordnungspunkte. Wir haben nachgedacht, diskutiert, gelacht, uns an \u201ealte Zeiten\u201c erinnert, dabei jedoch immer versucht, den Blick in die Zukunft zu richten. Als die zweite Runde Kaffee gekocht war, beschlossen wir, dass es Zeit f\u00fcr eine kleine Pause mit Kuchen, Keksen und allerlei Schokolade geworden war. P\u00fcnktlich zur Pause erschien dann \u201ea\u2018 Virddelle\u201c der Bundesf\u00fchrung: der ortsans\u00e4ssige medi \u2013 auch er bestimmt vom wunderbaren Kaffeegeruch angelockt.<\/p>\n<p>Als wir ausreichend Koffein, Zucker und frische Luft konsumiert hatten, wurde es Zeit f\u00fcr das Gruppenfoto im Gr\u00fcnen. Gut ges\u00e4ttigt grinsten wir in die Kamera. Auf dem Weg zur\u00fcck in die Gemeinde, wurde so manch akrobatische H\u00f6chstleistung erbracht, um den ganzen \u201eTretminen\u201c auf der Wiese auszuweichen.<\/p>\n<p>Der zweite Teil der Besprechungen begann. Themen waren Spendenprojekte, unser allj\u00e4hrlicher Regionshajk, und weitere geplante Aktionen und Termine, w\u00e4hrend drau\u00dfen die Nachmittagssonne einen herbstlichen Glanz auf das Laub zauberte.<\/p>\n<p>Gegen 18 Uhr waren wir mit den Tagespunkten, aber auch mit unserer Konzentration, am Ende angelangt. Alle halfen mit, die Tische, St\u00fchle, Kuchenreste, Kekse, Kaffeemaschinen, \u2026 aufzur\u00e4umen bzw. Reste zu vernichten, damit die Heimreise angetreten werden konnte. Nach der gemeinsamen Abschlussrunde mit dem Lied \u201eNehmt Abschied Br\u00fcder\u201c und nat\u00fcrlich einer Knuddel-Runde machten wir uns langsam, und nach und nach auf den Heimweg. Und wie wir im Abschlusskreis gesungen haben, liegt die Zukunft zwar in Finsternis, aber wir ruhen auf der Heimfahrt, sowie auch in allem, was vor uns liegt, in Gottes Hand.<\/p>\n<p>&nbsp;<\/p>\n<p>&nbsp;<\/p>\n<p style=\"text-align: left;\">Quelle: <a href=\"http:\/\/joomla.bps-pfadfinder.de\/index.php\/aktionen\/bundesweit\/163-region-sued-west\">http:\/\/joomla.bps-pfadfinder.de\/index.php\/aktionen\/bundesweit\/163-region-sued-west<\/a> (leicht ge\u00e4ndert, durch die Redaktion)<\/p>\n","protected":false},"excerpt":{"rendered":"<p>Das Regionsthing der Region S\u00fcd-West fand dieses Jahr mitten im wundersch\u00f6nen Schw\u00e4bischen Wald \u2013 in Welzheim statt. Unser Stamm wurde\u00a0durch Vergissmeinnicht\u00a0und Miraculix vertreten. Um 12 Uhr begannen wir mit einem &#8230;<\/p>\n","protected":false},"author":6,"featured_media":4400,"comment_status":"closed","ping_status":"closed","sticky":false,"template":"","format":"standard","meta":[],"categories":[1,24,26],"tags":[],"_links":{"self":[{"href":"http:\/\/www.bps-pforzheim.de\/index.php\/wp-json\/wp\/v2\/posts\/3031"}],"collection":[{"href":"http:\/\/www.bps-pforzheim.de\/index.php\/wp-json\/wp\/v2\/posts"}],"about":[{"href":"http:\/\/www.bps-pforzheim.de\/index.php\/wp-json\/wp\/v2\/types\/post"}],"author":[{"embeddable":true,"href":"http:\/\/www.bps-pforzheim.de\/index.php\/wp-json\/wp\/v2\/users\/6"}],"replies":[{"embeddable":true,"href":"http:\/\/www.bps-pforzheim.de\/index.php\/wp-json\/wp\/v2\/comments?post=3031"}],"version-history":[{"count":11,"href":"http:\/\/www.bps-pforzheim.de\/index.php\/wp-json\/wp\/v2\/posts\/3031\/revisions"}],"predecessor-version":[{"id":3046,"href":"http:\/\/www.bps-pforzheim.de\/index.php\/wp-json\/wp\/v2\/posts\/3031\/revisions\/3046"}],"wp:featuredmedia":[{"embeddable":true,"href":"http:\/\/www.bps-pforzheim.de\/index.php\/wp-json\/wp\/v2\/media\/4400"}],"wp:attachment":[{"href":"http:\/\/www.bps-pforzheim.de\/index.php\/wp-json\/wp\/v2\/media?parent=3031"}],"wp:term":[{"taxonomy":"category","embeddable":true,"href":"http:\/\/www.bps-pforzheim.de\/index.php\/wp-json\/wp\/v2\/categories?post=3031"},{"taxonomy":"post_tag","embeddable":true,"href":"http:\/\/www.bps-pforzheim.de\/index.php\/wp-json\/wp\/v2\/tags?post=3031"}],"curies":[{"name":"wp","href":"https:\/\/api.w.org\/{rel}","templated":true}]}}