{"id":4825,"date":"2017-10-07T13:28:19","date_gmt":"2017-10-07T11:28:19","guid":{"rendered":"http:\/\/www.bps-pforzheim.de\/?p=4825"},"modified":"2020-07-17T00:28:40","modified_gmt":"2020-07-16T22:28:40","slug":"regionsthing-in-pforzheim","status":"publish","type":"post","link":"http:\/\/www.bps-pforzheim.de\/index.php\/2017\/10\/07\/regionsthing-in-pforzheim\/","title":{"rendered":"Regionsthing in Pforzheim"},"content":{"rendered":"<p><a href=\"http:\/\/www.bps-pforzheim.de\/wp-content\/uploads\/2017\/10\/RT-2017-2.png\" rel=\"shadowbox[sbpost-4825];player=img;\"><img decoding=\"async\" loading=\"lazy\" class=\"alignleft wp-image-4841\" src=\"http:\/\/www.bps-pforzheim.de\/wp-content\/uploads\/2017\/10\/RT-2017-2.png\" alt=\"\" width=\"531\" height=\"356\" srcset=\"http:\/\/www.bps-pforzheim.de\/wp-content\/uploads\/2017\/10\/RT-2017-2.png 720w, http:\/\/www.bps-pforzheim.de\/wp-content\/uploads\/2017\/10\/RT-2017-2-300x201.png 300w\" sizes=\"(max-width: 531px) 100vw, 531px\" \/><\/a>Dieses Jahr fand das Regionsthing der Region S\u00fcd-West in der Stadt statt, wo vor 13 Jahren auf dem Bundesthing, die Aufteilung in 4 Regionen beschlossen wurde. Am 7. Oktober war es soweit.<\/p>\n<p>&nbsp;<\/p>\n<p>Nachdem die Rover am Abend davor Tische und St\u00fchle gestellt hatten. Begann der Samstagmorgen sehr entspannt, nachdem das Fr\u00fchst\u00fcck f\u00fcr die Teilnehmer hergerichtet war, konnten schon wir unsere ersten G\u00e4ste begr\u00fc\u00dfen.<\/p>\n<p>&nbsp;<\/p>\n<p>Nachdem alle G\u00e4ste eingetroffen und begr\u00fc\u00dft waren, begannen wir mit Fr\u00fchst\u00fcck und Gespr\u00e4chen. Als ausgiebig gefr\u00fchst\u00fcckt war, begann das Thing mit einer Andacht von Lexi \u00fcber die Losung vom 6. Oktober. Die Bibelstelle waren Psalm 143, Vers 8 und Johannes 21. Verse 3 \u2013 4.<\/p>\n<p>&nbsp;<\/p>\n<p>Im Anschluss ging es an die Tops darunter, Infos aus den St\u00e4mmen, das ReLa 2018, Themen f\u00fcr das GFT, Regionshaik, Infos aus dem GJW. Nachdem der erste Themenblock bearbeitet war gab es ein leckeres <a href=\"http:\/\/www.bps-pforzheim.de\/wp-content\/uploads\/2017\/10\/RT-2017-1.png\" rel=\"shadowbox[sbpost-4825];player=img;\"><img decoding=\"async\" loading=\"lazy\" class=\"alignright wp-image-4840 size-medium\" src=\"http:\/\/www.bps-pforzheim.de\/wp-content\/uploads\/2017\/10\/RT-2017-1-300x204.png\" alt=\"\" width=\"300\" height=\"204\" srcset=\"http:\/\/www.bps-pforzheim.de\/wp-content\/uploads\/2017\/10\/RT-2017-1-300x204.png 300w, http:\/\/www.bps-pforzheim.de\/wp-content\/uploads\/2017\/10\/RT-2017-1.png 720w\" sizes=\"(max-width: 300px) 100vw, 300px\" \/><\/a>Mittagessen, von unserem Stammeskoch Klaus.<\/p>\n<p>&nbsp;<\/p>\n<p>Es gab Linsen und Sp\u00e4tzle, als wir uns dann kr\u00e4ftig gest\u00e4rkt hatten, begannen wir mim zweiten Teil. Es Stand noch die Auswertung der Befragung der Teilnehmer f\u00fcr das Regionslager, die Infos zu den Darlehen der Region, Teilnahme am Friedenslicht, Infos vom AK vernetzt handeln.<\/p>\n<p>&nbsp;<\/p>\n<p><a href=\"http:\/\/www.bps-pforzheim.de\/wp-content\/uploads\/2017\/10\/20171007_100522.jpg\" rel=\"shadowbox[sbpost-4825];player=img;\"><img decoding=\"async\" loading=\"lazy\" class=\"alignleft wp-image-4824 size-medium\" src=\"http:\/\/www.bps-pforzheim.de\/wp-content\/uploads\/2017\/10\/20171007_100522-300x169.jpg\" alt=\"\" width=\"300\" height=\"169\" srcset=\"http:\/\/www.bps-pforzheim.de\/wp-content\/uploads\/2017\/10\/20171007_100522-300x169.jpg 300w, http:\/\/www.bps-pforzheim.de\/wp-content\/uploads\/2017\/10\/20171007_100522-768x432.jpg 768w, http:\/\/www.bps-pforzheim.de\/wp-content\/uploads\/2017\/10\/20171007_100522-1024x576.jpg 1024w\" sizes=\"(max-width: 300px) 100vw, 300px\" \/><\/a>Wir entschieden uns f\u00fcr das Thema Mafeking, auch mit dem Hintergrund, dass es n\u00e4chstes Jahr das 111 Jubil\u00e4um der Pfadfinder gibt. Den in der S\u00fcdafrikanischen Stadt Mafeking hat unser Gr\u00fcnder Baden Powell 1899 die Stadt gef\u00fchrt unter der Belagerung von burischen Truppen mit nur wenigen Soldaten.<\/p>\n<p>&nbsp;<\/p>\n<p><a href=\"http:\/\/www.bps-pforzheim.de\/wp-content\/uploads\/2017\/10\/20171007_131611.jpg\" rel=\"shadowbox[sbpost-4825];player=img;\"><img decoding=\"async\" loading=\"lazy\" class=\"alignright wp-image-4827 size-medium\" src=\"http:\/\/www.bps-pforzheim.de\/wp-content\/uploads\/2017\/10\/20171007_131611-169x300.jpg\" alt=\"\" width=\"169\" height=\"300\" srcset=\"http:\/\/www.bps-pforzheim.de\/wp-content\/uploads\/2017\/10\/20171007_131611-169x300.jpg 169w, http:\/\/www.bps-pforzheim.de\/wp-content\/uploads\/2017\/10\/20171007_131611-768x1365.jpg 768w, http:\/\/www.bps-pforzheim.de\/wp-content\/uploads\/2017\/10\/20171007_131611-576x1024.jpg 576w, http:\/\/www.bps-pforzheim.de\/wp-content\/uploads\/2017\/10\/20171007_131611.jpg 1836w\" sizes=\"(max-width: 169px) 100vw, 169px\" \/><\/a>F\u00fcr das Regionslager wurden 4 Teams gegr\u00fcndet, K\u00fcche, Organisation, Spiele und Andachten, viele Mitarbeiter aus verschiedenen St\u00e4mmen haben sich bereit erkl\u00e4rt sich in den Teams einzubringen. Auch ein Regionsw\u00f6lflingshaik wurde geplant, also d\u00fcrfen sich die W\u00f6lflinge auf ein gro\u00dfes Event freuen.<\/p>\n<p>&nbsp;<\/p>\n<p>Nachdem alle Themen bearbeitet waren, schlossen wir das Thing mit der Terminfindung f\u00fcr das n\u00e4chste Thing das im Oktober n\u00e4chstes Jahr in Stuttgart statt.<\/p>\n<p>&nbsp;<\/p>\n<p><a href=\"http:\/\/www.bps-pforzheim.de\/wp-content\/uploads\/2017\/10\/20171007_131607.jpg\" rel=\"shadowbox[sbpost-4825];player=img;\"><img decoding=\"async\" loading=\"lazy\" class=\"alignleft wp-image-4826 size-medium\" src=\"http:\/\/www.bps-pforzheim.de\/wp-content\/uploads\/2017\/10\/20171007_131607-300x169.jpg\" alt=\"\" width=\"300\" height=\"169\" srcset=\"http:\/\/www.bps-pforzheim.de\/wp-content\/uploads\/2017\/10\/20171007_131607-300x169.jpg 300w, http:\/\/www.bps-pforzheim.de\/wp-content\/uploads\/2017\/10\/20171007_131607-768x432.jpg 768w, http:\/\/www.bps-pforzheim.de\/wp-content\/uploads\/2017\/10\/20171007_131607-1024x576.jpg 1024w\" sizes=\"(max-width: 300px) 100vw, 300px\" \/><\/a>Nachdem alle G\u00e4ste sich auf den Heimweg gemacht hatten, begannen wir mit dem Abbau das sehr schnell erledigt war. Machten wir noch einen Abstecher zum Eiskasal um den tag abzuschlie\u00dfen.<\/p>\n<p>&nbsp;<\/p>\n<p>&nbsp;<\/p>\n<p style=\"text-align: right;\">\n","protected":false},"excerpt":{"rendered":"<p>Dieses Jahr fand das Regionsthing der Region S\u00fcd-West in der Stadt statt, wo vor 13 Jahren auf dem Bundesthing, die Aufteilung in 4 Regionen beschlossen wurde. Am 7. Oktober war &#8230;<\/p>\n","protected":false},"author":6,"featured_media":4824,"comment_status":"closed","ping_status":"closed","sticky":false,"template":"","format":"standard","meta":[],"categories":[24,26,40,4],"tags":[],"_links":{"self":[{"href":"http:\/\/www.bps-pforzheim.de\/index.php\/wp-json\/wp\/v2\/posts\/4825"}],"collection":[{"href":"http:\/\/www.bps-pforzheim.de\/index.php\/wp-json\/wp\/v2\/posts"}],"about":[{"href":"http:\/\/www.bps-pforzheim.de\/index.php\/wp-json\/wp\/v2\/types\/post"}],"author":[{"embeddable":true,"href":"http:\/\/www.bps-pforzheim.de\/index.php\/wp-json\/wp\/v2\/users\/6"}],"replies":[{"embeddable":true,"href":"http:\/\/www.bps-pforzheim.de\/index.php\/wp-json\/wp\/v2\/comments?post=4825"}],"version-history":[{"count":7,"href":"http:\/\/www.bps-pforzheim.de\/index.php\/wp-json\/wp\/v2\/posts\/4825\/revisions"}],"predecessor-version":[{"id":4882,"href":"http:\/\/www.bps-pforzheim.de\/index.php\/wp-json\/wp\/v2\/posts\/4825\/revisions\/4882"}],"wp:featuredmedia":[{"embeddable":true,"href":"http:\/\/www.bps-pforzheim.de\/index.php\/wp-json\/wp\/v2\/media\/4824"}],"wp:attachment":[{"href":"http:\/\/www.bps-pforzheim.de\/index.php\/wp-json\/wp\/v2\/media?parent=4825"}],"wp:term":[{"taxonomy":"category","embeddable":true,"href":"http:\/\/www.bps-pforzheim.de\/index.php\/wp-json\/wp\/v2\/categories?post=4825"},{"taxonomy":"post_tag","embeddable":true,"href":"http:\/\/www.bps-pforzheim.de\/index.php\/wp-json\/wp\/v2\/tags?post=4825"}],"curies":[{"name":"wp","href":"https:\/\/api.w.org\/{rel}","templated":true}]}}