{"id":5360,"date":"2018-08-18T17:05:23","date_gmt":"2018-08-18T15:05:23","guid":{"rendered":"http:\/\/www.bps-pforzheim.de\/?p=5360"},"modified":"2018-08-18T17:05:23","modified_gmt":"2018-08-18T15:05:23","slug":"1-rolawo-ein-wochenende-mit-viel-sonne","status":"publish","type":"post","link":"http:\/\/www.bps-pforzheim.de\/index.php\/2018\/08\/18\/1-rolawo-ein-wochenende-mit-viel-sonne\/","title":{"rendered":"1. RoLaWo \u2013 ein Wochenende mit viel Sonne"},"content":{"rendered":"<p><a href=\"http:\/\/www.bps-pforzheim.de\/wp-content\/uploads\/2018\/08\/IMG-20180714-WA0008.jpg\" rel=\"shadowbox[sbpost-5360];player=img;\"><img decoding=\"async\" loading=\"lazy\" class=\"wp-image-5358 alignright\" src=\"http:\/\/www.bps-pforzheim.de\/wp-content\/uploads\/2018\/08\/IMG-20180714-WA0008.jpg\" alt=\"\" width=\"416\" height=\"312\" srcset=\"http:\/\/www.bps-pforzheim.de\/wp-content\/uploads\/2018\/08\/IMG-20180714-WA0008.jpg 1600w, http:\/\/www.bps-pforzheim.de\/wp-content\/uploads\/2018\/08\/IMG-20180714-WA0008-300x225.jpg 300w, http:\/\/www.bps-pforzheim.de\/wp-content\/uploads\/2018\/08\/IMG-20180714-WA0008-768x576.jpg 768w, http:\/\/www.bps-pforzheim.de\/wp-content\/uploads\/2018\/08\/IMG-20180714-WA0008-1024x768.jpg 1024w\" sizes=\"(max-width: 416px) 100vw, 416px\" \/><\/a>Mitte Juli war es soweit, das erste RoLaWo stand an. Freitags nachmittags trafen sich Lexi und Vergissmeinnicht um das Material in den Bus zu verladen.<\/p>\n<p><a href=\"http:\/\/www.bps-pforzheim.de\/wp-content\/uploads\/2018\/08\/20180713_215007-e1534603188611.jpg\" rel=\"shadowbox[sbpost-5360];player=img;\"><span style=\"color: #0066cc;\"><\/span><img decoding=\"async\" loading=\"lazy\" class=\"alignleft  wp-image-5351\" src=\"http:\/\/www.bps-pforzheim.de\/wp-content\/uploads\/2018\/08\/20180713_215007-e1534603188611.jpg\" alt=\"\" width=\"231\" height=\"411\" srcset=\"http:\/\/www.bps-pforzheim.de\/wp-content\/uploads\/2018\/08\/20180713_215007-e1534603188611.jpg 1836w, http:\/\/www.bps-pforzheim.de\/wp-content\/uploads\/2018\/08\/20180713_215007-e1534603188611-169x300.jpg 169w, http:\/\/www.bps-pforzheim.de\/wp-content\/uploads\/2018\/08\/20180713_215007-e1534603188611-768x1365.jpg 768w, http:\/\/www.bps-pforzheim.de\/wp-content\/uploads\/2018\/08\/20180713_215007-e1534603188611-576x1024.jpg 576w\" sizes=\"(max-width: 231px) 100vw, 231px\" \/><\/a><\/p>\n<p>Nach einer Mittagspause bei einem namhaften Fastfood Restaurant, machten sich die beiden an den Aufbau der roten Jurte. Dabei stellten sie fest, dass sich eine Jurte auch zu zweit aufstellen l\u00e4sst. Es ging leichter wie sie gedacht hatten. Nachdem das Lager eingerichtet war, machten sich die zwei auf den Weg ihren Fl\u00fcssigkeitshaushalt wieder aufzuf\u00fcllen, weil eine Jurte bei 32 Grad und stechender Sonne aufzubauen viel Energie verbraucht.<\/p>\n<p>&nbsp;<\/p>\n<p>Zur\u00fcck auf dem Platz richteten die beiden Ihr Nachtlager ein und bereiteten ihr Abendessen vor. Es gab Bratw\u00fcrstchen und Br\u00f6tchen. Als der Rest eingetroffen war wurde eine zweite Runde gegrillt. Danach wurde die Zeit f\u00fcr Gespr\u00e4che genutzt.<\/p>\n<p>Es war schon Samstag, als die \u00d6llampe gel\u00f6scht wurden um sich in die Schlafs\u00e4cke zu verkriechen.<\/p>\n<p><a href=\"http:\/\/www.bps-pforzheim.de\/wp-content\/uploads\/2018\/08\/20180714_091825-e1534603151790.jpg\" rel=\"shadowbox[sbpost-5360];player=img;\"><img decoding=\"async\" loading=\"lazy\" class=\"wp-image-5354 alignright\" src=\"http:\/\/www.bps-pforzheim.de\/wp-content\/uploads\/2018\/08\/20180714_091825-e1534603151790.jpg\" alt=\"\" width=\"231\" height=\"411\" srcset=\"http:\/\/www.bps-pforzheim.de\/wp-content\/uploads\/2018\/08\/20180714_091825-e1534603151790.jpg 1836w, http:\/\/www.bps-pforzheim.de\/wp-content\/uploads\/2018\/08\/20180714_091825-e1534603151790-169x300.jpg 169w, http:\/\/www.bps-pforzheim.de\/wp-content\/uploads\/2018\/08\/20180714_091825-e1534603151790-768x1365.jpg 768w, http:\/\/www.bps-pforzheim.de\/wp-content\/uploads\/2018\/08\/20180714_091825-e1534603151790-576x1024.jpg 576w\" sizes=\"(max-width: 231px) 100vw, 231px\" \/><\/a><\/p>\n<p>Am n\u00e4chsten Morgen wurden wir liebevoll viel zu fr\u00fch von der Sonne wach gek\u00fcsst. Nach dem Fr\u00fchst\u00fcck bauten wir uns einen Sonnenschutz \u00fcber den Kochtisch, dazu wurden ein paar Seitenbahnen eingekn\u00f6pft, um mehr Schatten zu haben. Im Anschluss machte sich unser K\u00fcchenchef Vergissmeinnicht auf den Weg die letzten Lebensmittel zu besorgen. Die Zeit bis unsere G\u00e4ste kamen nutzten wir f\u00fcr Gespr\u00e4che und mehrere Runden Wikingerschach.<\/p>\n<p>&nbsp;<\/p>\n<p><a href=\"http:\/\/www.bps-pforzheim.de\/wp-content\/uploads\/2018\/08\/20180714_165613-e1534603201835.jpg\" rel=\"shadowbox[sbpost-5360];player=img;\"><img decoding=\"async\" loading=\"lazy\" class=\"alignleft  wp-image-5356\" src=\"http:\/\/www.bps-pforzheim.de\/wp-content\/uploads\/2018\/08\/20180714_165613-e1534603201835.jpg\" alt=\"\" width=\"284\" height=\"505\" srcset=\"http:\/\/www.bps-pforzheim.de\/wp-content\/uploads\/2018\/08\/20180714_165613-e1534603201835.jpg 1836w, http:\/\/www.bps-pforzheim.de\/wp-content\/uploads\/2018\/08\/20180714_165613-e1534603201835-169x300.jpg 169w, http:\/\/www.bps-pforzheim.de\/wp-content\/uploads\/2018\/08\/20180714_165613-e1534603201835-768x1365.jpg 768w, http:\/\/www.bps-pforzheim.de\/wp-content\/uploads\/2018\/08\/20180714_165613-e1534603201835-576x1024.jpg 576w\" sizes=\"(max-width: 284px) 100vw, 284px\" \/><\/a>Nachdem wir alle unsere G\u00e4ste abgeholt hatten begann auch der Jurtenabend. Um die Zeit bis die Maultaschenpfanne fertig war, zu nutzen wurde der Aussichtsturm \u201eChartaque \u201egenossen.<\/p>\n<p>Nachdem alles verspeist war, sangen wir mehrere Lieder und nutzten die Zeit f\u00fcr Gespr\u00e4che. Als Nachtisch gab es Schokobanane, die Zeit verging wie im Pflug durch ein Spiel und Nachtwikingerschach. Nun war es Zeit\u00a0\u00a0 unsere G\u00e4ste zum Parkplatz zur\u00fcck zu bringen.<\/p>\n<p>&nbsp;<\/p>\n<p>Im Anschluss r\u00e4umten die Verbliebenen auf und sa\u00dfen noch gem\u00fctlich zusammen. Auch dieser Abend ging bis in den n\u00e4chsten Morgen. Wir hatten aber vorgesorgt, dass uns die Sonne nicht zu fr\u00fch aus den Federn wirft.<\/p>\n<p><a href=\"http:\/\/www.bps-pforzheim.de\/wp-content\/uploads\/2018\/08\/20180714_091832.jpg\" rel=\"shadowbox[sbpost-5360];player=img;\"><img decoding=\"async\" loading=\"lazy\" class=\"wp-image-5355 alignright\" src=\"http:\/\/www.bps-pforzheim.de\/wp-content\/uploads\/2018\/08\/20180714_091832.jpg\" alt=\"\" width=\"407\" height=\"229\" srcset=\"http:\/\/www.bps-pforzheim.de\/wp-content\/uploads\/2018\/08\/20180714_091832.jpg 3264w, http:\/\/www.bps-pforzheim.de\/wp-content\/uploads\/2018\/08\/20180714_091832-300x169.jpg 300w, http:\/\/www.bps-pforzheim.de\/wp-content\/uploads\/2018\/08\/20180714_091832-768x432.jpg 768w, http:\/\/www.bps-pforzheim.de\/wp-content\/uploads\/2018\/08\/20180714_091832-1024x576.jpg 1024w\" sizes=\"(max-width: 407px) 100vw, 407px\" \/><\/a><\/p>\n<p>So schliefen wir am Sonntagmorgen aus, nach einem gem\u00fctlichen Fr\u00fchst\u00fcck bauten wir in aller Ruhe ab. Nachdem das Material wieder in der Gemeinde verr\u00e4umt war a\u00dfen wir noch gemeinsam Mittag.<\/p>\n<p>&nbsp;<\/p>\n<p>&nbsp;<\/p>\n<p>&nbsp;<\/p>\n<p>Es war ein super Wochenende mit bestem Wetter. Wir \u00fcberlegen schon eine Forstsetzung zu machen.<\/p>\n<p><a href=\"http:\/\/www.bps-pforzheim.de\/wp-content\/uploads\/2018\/08\/IMG-20180714-WA0007.jpg\" rel=\"shadowbox[sbpost-5360];player=img;\"><img decoding=\"async\" loading=\"lazy\" class=\"alignleft  wp-image-5357\" src=\"http:\/\/www.bps-pforzheim.de\/wp-content\/uploads\/2018\/08\/IMG-20180714-WA0007.jpg\" alt=\"\" width=\"679\" height=\"509\" srcset=\"http:\/\/www.bps-pforzheim.de\/wp-content\/uploads\/2018\/08\/IMG-20180714-WA0007.jpg 1600w, http:\/\/www.bps-pforzheim.de\/wp-content\/uploads\/2018\/08\/IMG-20180714-WA0007-300x225.jpg 300w, http:\/\/www.bps-pforzheim.de\/wp-content\/uploads\/2018\/08\/IMG-20180714-WA0007-768x576.jpg 768w, http:\/\/www.bps-pforzheim.de\/wp-content\/uploads\/2018\/08\/IMG-20180714-WA0007-1024x768.jpg 1024w\" sizes=\"(max-width: 679px) 100vw, 679px\" \/><\/a><\/p>\n<p>&nbsp;<\/p>\n<p>&nbsp;<\/p>\n<p>&nbsp;<\/p>\n<p>&nbsp;<\/p>\n<p>&nbsp;<\/p>\n<p>&nbsp;<\/p>\n<p>&nbsp;<\/p>\n<p style=\"text-align: right;\">Bericht: Dominik D\u00f6bke (Vergissmeinnicht)<\/p>\n<p style=\"text-align: right;\">Bilder: Dominik D\u00f6bke (Vergissmeinnicht), Tobias Stricker (Christbaum)<\/p>\n<p>&nbsp;<\/p>\n","protected":false},"excerpt":{"rendered":"<p>Mitte Juli war es soweit, das erste RoLaWo stand an. Freitags nachmittags trafen sich Lexi und Vergissmeinnicht um das Material in den Bus zu verladen. Nach einer Mittagspause bei einem &#8230;<\/p>\n","protected":false},"author":6,"featured_media":5359,"comment_status":"closed","ping_status":"closed","sticky":false,"template":"","format":"standard","meta":[],"categories":[1,24,26,37],"tags":[],"_links":{"self":[{"href":"http:\/\/www.bps-pforzheim.de\/index.php\/wp-json\/wp\/v2\/posts\/5360"}],"collection":[{"href":"http:\/\/www.bps-pforzheim.de\/index.php\/wp-json\/wp\/v2\/posts"}],"about":[{"href":"http:\/\/www.bps-pforzheim.de\/index.php\/wp-json\/wp\/v2\/types\/post"}],"author":[{"embeddable":true,"href":"http:\/\/www.bps-pforzheim.de\/index.php\/wp-json\/wp\/v2\/users\/6"}],"replies":[{"embeddable":true,"href":"http:\/\/www.bps-pforzheim.de\/index.php\/wp-json\/wp\/v2\/comments?post=5360"}],"version-history":[{"count":18,"href":"http:\/\/www.bps-pforzheim.de\/index.php\/wp-json\/wp\/v2\/posts\/5360\/revisions"}],"predecessor-version":[{"id":5378,"href":"http:\/\/www.bps-pforzheim.de\/index.php\/wp-json\/wp\/v2\/posts\/5360\/revisions\/5378"}],"wp:featuredmedia":[{"embeddable":true,"href":"http:\/\/www.bps-pforzheim.de\/index.php\/wp-json\/wp\/v2\/media\/5359"}],"wp:attachment":[{"href":"http:\/\/www.bps-pforzheim.de\/index.php\/wp-json\/wp\/v2\/media?parent=5360"}],"wp:term":[{"taxonomy":"category","embeddable":true,"href":"http:\/\/www.bps-pforzheim.de\/index.php\/wp-json\/wp\/v2\/categories?post=5360"},{"taxonomy":"post_tag","embeddable":true,"href":"http:\/\/www.bps-pforzheim.de\/index.php\/wp-json\/wp\/v2\/tags?post=5360"}],"curies":[{"name":"wp","href":"https:\/\/api.w.org\/{rel}","templated":true}]}}