{"id":5532,"date":"2019-09-08T15:00:56","date_gmt":"2019-09-08T13:00:56","guid":{"rendered":"http:\/\/www.bps-pforzheim.de\/?p=5532"},"modified":"2019-09-08T18:07:35","modified_gmt":"2019-09-08T16:07:35","slug":"neue-stammesfuehrung-junge-mitarbeiter-uebernehmen-die-fuehrung","status":"publish","type":"post","link":"http:\/\/www.bps-pforzheim.de\/index.php\/2019\/09\/08\/neue-stammesfuehrung-junge-mitarbeiter-uebernehmen-die-fuehrung\/","title":{"rendered":"Neue Stammesf\u00fchrung \u2013 Junge Mitarbeiter \u00fcbernehmen die F\u00fchrung"},"content":{"rendered":"<figure id=\"attachment_5574\" aria-describedby=\"caption-attachment-5574\" style=\"width: 401px\" class=\"wp-caption alignleft\"><a href=\"http:\/\/www.bps-pforzheim.de\/wp-content\/uploads\/2019\/09\/20190908_121115.jpg\" rel=\"shadowbox[sbpost-5532];player=img;\"><img decoding=\"async\" loading=\"lazy\" class=\"wp-image-5574\" src=\"http:\/\/www.bps-pforzheim.de\/wp-content\/uploads\/2019\/09\/20190908_121115.jpg\" alt=\"\" width=\"401\" height=\"301\" srcset=\"http:\/\/www.bps-pforzheim.de\/wp-content\/uploads\/2019\/09\/20190908_121115.jpg 4608w, http:\/\/www.bps-pforzheim.de\/wp-content\/uploads\/2019\/09\/20190908_121115-300x225.jpg 300w, http:\/\/www.bps-pforzheim.de\/wp-content\/uploads\/2019\/09\/20190908_121115-768x576.jpg 768w, http:\/\/www.bps-pforzheim.de\/wp-content\/uploads\/2019\/09\/20190908_121115-1024x768.jpg 1024w\" sizes=\"(max-width: 401px) 100vw, 401px\" \/><\/a><figcaption id=\"caption-attachment-5574\" class=\"wp-caption-text\"><br \/>Foto: Stammmespressestelle<\/figcaption><\/figure>\n<p>&nbsp;<\/p>\n<pre style=\"width: 749px; height: 93px;\"><span style=\"color: #008000;\"><em>Alte und neue Stammesf\u00fchrung zusammen nach der \u00dcbergabe.<\/em><\/span><\/pre>\n<p>Wie schnell die Zeit vergeht, schon wieder sind die Jahre vergangen, als Stamm stellten wir<\/p>\n<p>uns der Herausforderung eine neue Stammesf\u00fchrung zu finden. Anfang Juli war es soweit,<\/p>\n<p>die neue Stammesf\u00fchrung wurde gew\u00e4hlt.<\/p>\n<p>&nbsp;<\/p>\n<p>Detlef beendete seine Amtszeit auf eigenen Wunsch schon letztes Jahr.<\/p>\n<p><u><\/u>Sylvia und Miraculix haben sich aus pers\u00f6nlichen Gr\u00fcnden nicht mehr aufstellen lassen, alle<\/p>\n<p>drei bleiben dem Stamm weiterhin als Mitarbeiter erhalten.<\/p>\n<p>&nbsp;<\/p>\n<p>&nbsp;<\/p>\n<p>Somit war die Frage im Raum, wer kann sich vorstellen den Stamm zu leiten. Drei unserer<\/p>\n<p>jungen Mitarbeiter f\u00fchlen sich der Aufgabe gewachsen. Bimbam, Vergissmeinnicht, Lydia<\/p>\n<p>und Bruba haben sich aufstellen lassen und wurden auch gew\u00e4hlt.<\/p>\n<p>&nbsp;<\/p>\n<p>Die neue Stammesf\u00fchrung setzt sich wie folgt zusammen:<\/p>\n<figure id=\"attachment_5575\" aria-describedby=\"caption-attachment-5575\" style=\"width: 399px\" class=\"wp-caption alignright\"><a href=\"http:\/\/www.bps-pforzheim.de\/wp-content\/uploads\/2019\/09\/IMG_20190908_163758_326.jpg\" rel=\"shadowbox[sbpost-5532];player=img;\"><img decoding=\"async\" loading=\"lazy\" class=\"wp-image-5575\" src=\"http:\/\/www.bps-pforzheim.de\/wp-content\/uploads\/2019\/09\/IMG_20190908_163758_326.jpg\" alt=\"\" width=\"399\" height=\"399\" srcset=\"http:\/\/www.bps-pforzheim.de\/wp-content\/uploads\/2019\/09\/IMG_20190908_163758_326.jpg 747w, http:\/\/www.bps-pforzheim.de\/wp-content\/uploads\/2019\/09\/IMG_20190908_163758_326-150x150.jpg 150w, http:\/\/www.bps-pforzheim.de\/wp-content\/uploads\/2019\/09\/IMG_20190908_163758_326-300x300.jpg 300w\" sizes=\"(max-width: 399px) 100vw, 399px\" \/><\/a><figcaption id=\"caption-attachment-5575\" class=\"wp-caption-text\">Foto: Stammespressestelle<\/figcaption><\/figure>\n<p>Stammesf\u00fchrer: \u00a0\u00a0\u00a0\u00a0\u00a0\u00a0\u00a0\u00a0\u00a0\u00a0\u00a0\u00a0\u00a0\u00a0 Bimbam<\/p>\n<p>Stv. Stammesf\u00fchrer:\u00a0\u00a0\u00a0\u00a0\u00a0\u00a0\u00a0\u00a0 Vergissmeinnicht<\/p>\n<p>Roversprecherin:\u00a0\u00a0\u00a0\u00a0\u00a0\u00a0\u00a0\u00a0\u00a0\u00a0\u00a0\u00a0\u00a0\u00a0 Lydia<\/p>\n<p>Stammes\u00e4ltester:\u00a0\u00a0\u00a0\u00a0\u00a0\u00a0\u00a0\u00a0\u00a0\u00a0\u00a0\u00a0\u00a0 Bruba<\/p>\n<p>&nbsp;<\/p>\n<p>Vergissmeinnicht konnte in den letzten 5 Jahren Erfahrung in der Stammesf\u00fchrung als<\/p>\n<p>Roversprecher sammeln. Auch die alte Stammesf\u00fchrung steht der neuen Stammesf\u00fchrung<\/p>\n<p>mit Rat zur Seite.<\/p>\n<p>Im Rahmen eines Gottesdienstes wurde die neue Stammesf\u00fchrung eingesetzt und f\u00fcr ihre neue Aufgabe gesegnet und der alten Stammesf\u00fchrung f\u00fcr ihre T\u00e4tigkeit bedankt. Als G\u00e4ste durften wir unsere Bundesf\u00fchrerin\u00a0Mara und die Bundestrainingskoardinatorin Bettina begr\u00fc\u00dfen.<\/p>\n<p style=\"text-align: right;\"><strong>Bericht: Dominik D\u00f6bke (Vergissmeinnicht)<\/strong><\/p>\n<p style=\"text-align: right;\"><strong>Bild: Stammesarchiv<\/strong><\/p>\n<p>&nbsp;<\/p>\n","protected":false},"excerpt":{"rendered":"<p>&nbsp; Alte und neue Stammesf\u00fchrung zusammen nach der \u00dcbergabe. Wie schnell die Zeit vergeht, schon wieder sind die Jahre vergangen, als Stamm stellten wir uns der Herausforderung eine neue Stammesf\u00fchrung &#8230;<\/p>\n","protected":false},"author":6,"featured_media":5574,"comment_status":"closed","ping_status":"closed","sticky":false,"template":"","format":"standard","meta":[],"categories":[5,1,24,26,44,4],"tags":[],"_links":{"self":[{"href":"http:\/\/www.bps-pforzheim.de\/index.php\/wp-json\/wp\/v2\/posts\/5532"}],"collection":[{"href":"http:\/\/www.bps-pforzheim.de\/index.php\/wp-json\/wp\/v2\/posts"}],"about":[{"href":"http:\/\/www.bps-pforzheim.de\/index.php\/wp-json\/wp\/v2\/types\/post"}],"author":[{"embeddable":true,"href":"http:\/\/www.bps-pforzheim.de\/index.php\/wp-json\/wp\/v2\/users\/6"}],"replies":[{"embeddable":true,"href":"http:\/\/www.bps-pforzheim.de\/index.php\/wp-json\/wp\/v2\/comments?post=5532"}],"version-history":[{"count":26,"href":"http:\/\/www.bps-pforzheim.de\/index.php\/wp-json\/wp\/v2\/posts\/5532\/revisions"}],"predecessor-version":[{"id":5573,"href":"http:\/\/www.bps-pforzheim.de\/index.php\/wp-json\/wp\/v2\/posts\/5532\/revisions\/5573"}],"wp:featuredmedia":[{"embeddable":true,"href":"http:\/\/www.bps-pforzheim.de\/index.php\/wp-json\/wp\/v2\/media\/5574"}],"wp:attachment":[{"href":"http:\/\/www.bps-pforzheim.de\/index.php\/wp-json\/wp\/v2\/media?parent=5532"}],"wp:term":[{"taxonomy":"category","embeddable":true,"href":"http:\/\/www.bps-pforzheim.de\/index.php\/wp-json\/wp\/v2\/categories?post=5532"},{"taxonomy":"post_tag","embeddable":true,"href":"http:\/\/www.bps-pforzheim.de\/index.php\/wp-json\/wp\/v2\/tags?post=5532"}],"curies":[{"name":"wp","href":"https:\/\/api.w.org\/{rel}","templated":true}]}}