{"id":5929,"date":"2022-12-18T10:00:00","date_gmt":"2022-12-18T09:00:00","guid":{"rendered":"http:\/\/www.bps-pforzheim.de\/?p=5929"},"modified":"2023-08-12T13:49:35","modified_gmt":"2023-08-12T11:49:35","slug":"weihnachten-2022","status":"publish","type":"post","link":"http:\/\/www.bps-pforzheim.de\/index.php\/2022\/12\/18\/weihnachten-2022\/","title":{"rendered":"<strong>H\u00fcttenweihnachtsfeier 2022<\/strong>"},"content":{"rendered":"\n<p>Am 9. Dezember trafen sich unsere Mitarbeiter an unserer Pfadfinderh\u00fctte um zusammen mit dem Stamm Hawila unsere diesj\u00e4hrige Weihnachtsfeier zu feiern. Dieses Jahr hat man sich entschieden eine H\u00fcttenweihnacht in der Pfadfinderh\u00fctte zu feiern.<\/p>\n\n\n<div class=\"wp-block-image\">\n<figure class=\"alignleft size-large is-resized\"><a href=\"http:\/\/www.bps-pforzheim.de\/wp-content\/uploads\/2023\/07\/image-20221210-081754.jpeg\" rel=\"shadowbox[sbpost-5929];player=img;\"><img decoding=\"async\" loading=\"lazy\" src=\"http:\/\/www.bps-pforzheim.de\/wp-content\/uploads\/2023\/07\/image-20221210-081754-1024x768.jpeg\" alt=\"\" class=\"wp-image-5930\" width=\"322\" height=\"242\" srcset=\"http:\/\/www.bps-pforzheim.de\/wp-content\/uploads\/2023\/07\/image-20221210-081754-1024x768.jpeg 1024w, http:\/\/www.bps-pforzheim.de\/wp-content\/uploads\/2023\/07\/image-20221210-081754-300x225.jpeg 300w, http:\/\/www.bps-pforzheim.de\/wp-content\/uploads\/2023\/07\/image-20221210-081754-768x576.jpeg 768w, http:\/\/www.bps-pforzheim.de\/wp-content\/uploads\/2023\/07\/image-20221210-081754-1536x1152.jpeg 1536w, http:\/\/www.bps-pforzheim.de\/wp-content\/uploads\/2023\/07\/image-20221210-081754.jpeg 1600w\" sizes=\"(max-width: 322px) 100vw, 322px\" \/><\/a><\/figure><\/div>\n\n\n<p>Gemeinsam wurde alles vorbereitet und hingerichtet, es gab eine leckere Suppe mit Maultaschen, Grie\u00df und Markkl\u00f6\u00dfchen und im Anschluss Geb\u00e4ck und leckeren Tschai.<\/p>\n\n\n<div class=\"wp-block-image\">\n<figure class=\"alignright size-large is-resized\"><a href=\"http:\/\/www.bps-pforzheim.de\/wp-content\/uploads\/2023\/07\/image-20221210-081754-3.jpeg\" rel=\"shadowbox[sbpost-5929];player=img;\"><img decoding=\"async\" loading=\"lazy\" src=\"http:\/\/www.bps-pforzheim.de\/wp-content\/uploads\/2023\/07\/image-20221210-081754-3-1024x768.jpeg\" alt=\"\" class=\"wp-image-5932\" width=\"357\" height=\"268\" srcset=\"http:\/\/www.bps-pforzheim.de\/wp-content\/uploads\/2023\/07\/image-20221210-081754-3-1024x768.jpeg 1024w, http:\/\/www.bps-pforzheim.de\/wp-content\/uploads\/2023\/07\/image-20221210-081754-3-300x225.jpeg 300w, http:\/\/www.bps-pforzheim.de\/wp-content\/uploads\/2023\/07\/image-20221210-081754-3-768x576.jpeg 768w, http:\/\/www.bps-pforzheim.de\/wp-content\/uploads\/2023\/07\/image-20221210-081754-3-1536x1152.jpeg 1536w, http:\/\/www.bps-pforzheim.de\/wp-content\/uploads\/2023\/07\/image-20221210-081754-3.jpeg 1600w\" sizes=\"(max-width: 357px) 100vw, 357px\" \/><\/a><\/figure><\/div>\n\n\n<p>Der Abend wurde genutzt unsere neue Stammesf\u00fchrung aus Lexi, Vergissmeinnicht und Detlef ins Amt einzusetzen und f\u00fcr ihre Arbeit zu segnen. Diese Aufgabe \u00fcbernahm unser Stammesgr\u00fcndungsmitglied und langj\u00e4hriger Stammesf\u00fchrer Uli.<\/p>\n\n\n\n<p>Die Weihnachtsfeier ist auch immer der Zeitpunkt sich bei den Mitarbeitern f\u00fcr das vergangene Jahr danke zu sagen. So wurden auch die Geschenke an die Mitarbeiter durch die Stammesf\u00fchrung ausgeteilt.<\/p>\n\n\n\n<p>Der Abend wurde ausklingeln lassen bei Gespr\u00e4chen und gemeinsames Lieder singen. So ging ein wundersch\u00f6ner Abend zu Ende, am n\u00e4chsten Tag wurde wieder aufger\u00e4umt und sauber gemacht.<\/p>\n\n\n\n<p>An dieser Stelle nochmals ein gro\u00dfes Dankesch\u00f6n an alle Mitarbeiter f\u00fcr ihre Mitarbeit und ihre Zeit.<\/p>\n\n\n\n<figure class=\"is-layout-flex wp-block-gallery-1 wp-block-gallery has-nested-images columns-default is-cropped\">\n<figure class=\"wp-block-image size-large\"><a href=\"http:\/\/www.bps-pforzheim.de\/wp-content\/uploads\/2023\/07\/20221209_183915-scaled.jpg\" rel=\"shadowbox[sbpost-5929];player=img;\"><img decoding=\"async\" loading=\"lazy\" width=\"768\" height=\"1024\" data-id=\"5936\"  src=\"http:\/\/www.bps-pforzheim.de\/wp-content\/uploads\/2023\/07\/20221209_183915-768x1024.jpg\" alt=\"\" class=\"wp-image-5936\" srcset=\"http:\/\/www.bps-pforzheim.de\/wp-content\/uploads\/2023\/07\/20221209_183915-768x1024.jpg 768w, http:\/\/www.bps-pforzheim.de\/wp-content\/uploads\/2023\/07\/20221209_183915-225x300.jpg 225w, http:\/\/www.bps-pforzheim.de\/wp-content\/uploads\/2023\/07\/20221209_183915-1152x1536.jpg 1152w, http:\/\/www.bps-pforzheim.de\/wp-content\/uploads\/2023\/07\/20221209_183915-1536x2048.jpg 1536w, http:\/\/www.bps-pforzheim.de\/wp-content\/uploads\/2023\/07\/20221209_183915-scaled.jpg 1920w\" sizes=\"(max-width: 768px) 100vw, 768px\" \/><\/a><\/figure>\n\n\n\n<figure class=\"wp-block-image size-large\"><a href=\"http:\/\/www.bps-pforzheim.de\/wp-content\/uploads\/2023\/07\/20221209_225316-scaled.jpg\" rel=\"shadowbox[sbpost-5929];player=img;\"><img decoding=\"async\" loading=\"lazy\" width=\"768\" height=\"1024\" data-id=\"5935\"  src=\"http:\/\/www.bps-pforzheim.de\/wp-content\/uploads\/2023\/07\/20221209_225316-768x1024.jpg\" alt=\"\" class=\"wp-image-5935\" srcset=\"http:\/\/www.bps-pforzheim.de\/wp-content\/uploads\/2023\/07\/20221209_225316-768x1024.jpg 768w, http:\/\/www.bps-pforzheim.de\/wp-content\/uploads\/2023\/07\/20221209_225316-225x300.jpg 225w, http:\/\/www.bps-pforzheim.de\/wp-content\/uploads\/2023\/07\/20221209_225316-1152x1536.jpg 1152w, http:\/\/www.bps-pforzheim.de\/wp-content\/uploads\/2023\/07\/20221209_225316-1536x2048.jpg 1536w, http:\/\/www.bps-pforzheim.de\/wp-content\/uploads\/2023\/07\/20221209_225316-scaled.jpg 1920w\" sizes=\"(max-width: 768px) 100vw, 768px\" \/><\/a><\/figure>\n\n\n\n<figure class=\"wp-block-image size-large\"><a href=\"http:\/\/www.bps-pforzheim.de\/wp-content\/uploads\/2023\/07\/image-20221210-081754-2.jpeg\" rel=\"shadowbox[sbpost-5929];player=img;\"><img decoding=\"async\" loading=\"lazy\" width=\"1024\" height=\"768\" data-id=\"5939\"  src=\"http:\/\/www.bps-pforzheim.de\/wp-content\/uploads\/2023\/07\/image-20221210-081754-2-1024x768.jpeg\" alt=\"\" class=\"wp-image-5939\" srcset=\"http:\/\/www.bps-pforzheim.de\/wp-content\/uploads\/2023\/07\/image-20221210-081754-2-1024x768.jpeg 1024w, http:\/\/www.bps-pforzheim.de\/wp-content\/uploads\/2023\/07\/image-20221210-081754-2-300x225.jpeg 300w, http:\/\/www.bps-pforzheim.de\/wp-content\/uploads\/2023\/07\/image-20221210-081754-2-768x576.jpeg 768w, http:\/\/www.bps-pforzheim.de\/wp-content\/uploads\/2023\/07\/image-20221210-081754-2-1536x1152.jpeg 1536w, http:\/\/www.bps-pforzheim.de\/wp-content\/uploads\/2023\/07\/image-20221210-081754-2.jpeg 1600w\" sizes=\"(max-width: 1024px) 100vw, 1024px\" \/><\/a><\/figure>\n\n\n\n<figure class=\"wp-block-image size-large\"><a href=\"http:\/\/www.bps-pforzheim.de\/wp-content\/uploads\/2023\/07\/image-20221210-081754-4.jpeg\" rel=\"shadowbox[sbpost-5929];player=img;\"><img decoding=\"async\" loading=\"lazy\" width=\"1024\" height=\"768\" data-id=\"5938\"  src=\"http:\/\/www.bps-pforzheim.de\/wp-content\/uploads\/2023\/07\/image-20221210-081754-4-1024x768.jpeg\" alt=\"\" class=\"wp-image-5938\" srcset=\"http:\/\/www.bps-pforzheim.de\/wp-content\/uploads\/2023\/07\/image-20221210-081754-4-1024x768.jpeg 1024w, http:\/\/www.bps-pforzheim.de\/wp-content\/uploads\/2023\/07\/image-20221210-081754-4-300x225.jpeg 300w, http:\/\/www.bps-pforzheim.de\/wp-content\/uploads\/2023\/07\/image-20221210-081754-4-768x576.jpeg 768w, http:\/\/www.bps-pforzheim.de\/wp-content\/uploads\/2023\/07\/image-20221210-081754-4-1536x1152.jpeg 1536w, http:\/\/www.bps-pforzheim.de\/wp-content\/uploads\/2023\/07\/image-20221210-081754-4.jpeg 1600w\" sizes=\"(max-width: 1024px) 100vw, 1024px\" \/><\/a><\/figure>\n<\/figure>\n\n\n\n<p>Bericht und Bilder: Vergissmeinnicht<\/p>\n","protected":false},"excerpt":{"rendered":"<p>Am 9. Dezember trafen sich unsere Mitarbeiter an unserer Pfadfinderh\u00fctte um zusammen mit dem Stamm Hawila unsere diesj\u00e4hrige Weihnachtsfeier zu feiern. Dieses Jahr hat man sich entschieden eine H\u00fcttenweihnacht in &#8230;<\/p>\n","protected":false},"author":6,"featured_media":5941,"comment_status":"closed","ping_status":"closed","sticky":false,"template":"","format":"standard","meta":[],"categories":[1,24,26,51,40,44,37],"tags":[],"_links":{"self":[{"href":"http:\/\/www.bps-pforzheim.de\/index.php\/wp-json\/wp\/v2\/posts\/5929"}],"collection":[{"href":"http:\/\/www.bps-pforzheim.de\/index.php\/wp-json\/wp\/v2\/posts"}],"about":[{"href":"http:\/\/www.bps-pforzheim.de\/index.php\/wp-json\/wp\/v2\/types\/post"}],"author":[{"embeddable":true,"href":"http:\/\/www.bps-pforzheim.de\/index.php\/wp-json\/wp\/v2\/users\/6"}],"replies":[{"embeddable":true,"href":"http:\/\/www.bps-pforzheim.de\/index.php\/wp-json\/wp\/v2\/comments?post=5929"}],"version-history":[{"count":4,"href":"http:\/\/www.bps-pforzheim.de\/index.php\/wp-json\/wp\/v2\/posts\/5929\/revisions"}],"predecessor-version":[{"id":5940,"href":"http:\/\/www.bps-pforzheim.de\/index.php\/wp-json\/wp\/v2\/posts\/5929\/revisions\/5940"}],"wp:featuredmedia":[{"embeddable":true,"href":"http:\/\/www.bps-pforzheim.de\/index.php\/wp-json\/wp\/v2\/media\/5941"}],"wp:attachment":[{"href":"http:\/\/www.bps-pforzheim.de\/index.php\/wp-json\/wp\/v2\/media?parent=5929"}],"wp:term":[{"taxonomy":"category","embeddable":true,"href":"http:\/\/www.bps-pforzheim.de\/index.php\/wp-json\/wp\/v2\/categories?post=5929"},{"taxonomy":"post_tag","embeddable":true,"href":"http:\/\/www.bps-pforzheim.de\/index.php\/wp-json\/wp\/v2\/tags?post=5929"}],"curies":[{"name":"wp","href":"https:\/\/api.w.org\/{rel}","templated":true}]}}